{"id":391,"date":"2026-03-13T13:10:11","date_gmt":"2026-03-13T13:10:11","guid":{"rendered":"https:\/\/www.abt.dk\/?p=391"},"modified":"2026-03-13T13:10:11","modified_gmt":"2026-03-13T13:10:11","slug":"ecco-camp-2025","status":"publish","type":"post","link":"https:\/\/www.abt.dk\/?p=391","title":{"rendered":"Ecco Camp 2025"},"content":{"rendered":"\n<p>Den 26.-27. november deltog eleverne, som deltager i Akademiet for Businesstalenter i \u00e5rets ECCO Camp, som samtidig markerede starten p\u00e5 det nye akademiforl\u00f8b i skole\u00e5ret 2025\/26.<br><br>Det blev to inspirerende dage med fagligt input, nye perspektiver og sp\u00e6ndende netv\u00e6rksaktiviteter for vores talenter. Eleverne fik indblik i ECCOs historie, produkter og v\u00e6rdier, arbejdede intensivt med en case i samarbejde med ECCOs team og blev pr\u00e6senteret for virksomhedens Graduate Programme.<\/p>\n\n\n\n<p>Casearbejdsdagen blev tilrettelagt og gennemf\u00f8rt af to tidligere elever fra Det Bl\u00e5 Gymnasium i T\u00f8nder, Jakob Okholm og Mathias Lassen, som i dag er i gang med deres karrierer hos ECCO. <br><br>En stor tak til <a href=\"https:\/\/www.linkedin.com\/company\/ecco\/\">ECCO<\/a> for deres engagement, deres faglighed og for at skabe en ramme, der giver vores talenter reel indsigt i moderne, international virksomhedspraksis.<\/p>\n\n\n\n<figure class=\"wp-block-image size-large\"><img loading=\"lazy\" decoding=\"async\" width=\"1024\" height=\"768\" src=\"https:\/\/www.abt.dk\/wp-content\/uploads\/2026\/03\/ECCO-camp-2025-1024x768.jpg\" alt=\"\" class=\"wp-image-392\" srcset=\"https:\/\/www.abt.dk\/wp-content\/uploads\/2026\/03\/ECCO-camp-2025-1024x768.jpg 1024w, https:\/\/www.abt.dk\/wp-content\/uploads\/2026\/03\/ECCO-camp-2025-300x225.jpg 300w, https:\/\/www.abt.dk\/wp-content\/uploads\/2026\/03\/ECCO-camp-2025-768x576.jpg 768w, https:\/\/www.abt.dk\/wp-content\/uploads\/2026\/03\/ECCO-camp-2025-1536x1152.jpg 1536w, https:\/\/www.abt.dk\/wp-content\/uploads\/2026\/03\/ECCO-camp-2025.jpg 2048w\" sizes=\"auto, (max-width: 1024px) 100vw, 1024px\" \/><\/figure>\n","protected":false},"excerpt":{"rendered":"<p>Den 26.-27. november deltog eleverne, som deltager i Akademiet for Businesstalenter i \u00e5rets ECCO Camp, som samtidig markerede starten p\u00e5 det nye akademiforl\u00f8b i skole\u00e5ret 2025\/26. Det blev to inspirerende dage med fagligt input, nye perspektiver og sp\u00e6ndende netv\u00e6rksaktiviteter for vores talenter. Eleverne fik indblik i ECCOs historie, produkter og v\u00e6rdier, arbejdede intensivt med en [&hellip;]<\/p>\n","protected":false},"author":4,"featured_media":0,"comment_status":"open","ping_status":"open","sticky":false,"template":"","format":"standard","meta":{"footnotes":""},"categories":[4],"tags":[],"class_list":["post-391","post","type-post","status-publish","format-standard","hentry","category-nyheder"],"_links":{"self":[{"href":"https:\/\/www.abt.dk\/index.php?rest_route=\/wp\/v2\/posts\/391","targetHints":{"allow":["GET"]}}],"collection":[{"href":"https:\/\/www.abt.dk\/index.php?rest_route=\/wp\/v2\/posts"}],"about":[{"href":"https:\/\/www.abt.dk\/index.php?rest_route=\/wp\/v2\/types\/post"}],"author":[{"embeddable":true,"href":"https:\/\/www.abt.dk\/index.php?rest_route=\/wp\/v2\/users\/4"}],"replies":[{"embeddable":true,"href":"https:\/\/www.abt.dk\/index.php?rest_route=%2Fwp%2Fv2%2Fcomments&post=391"}],"version-history":[{"count":1,"href":"https:\/\/www.abt.dk\/index.php?rest_route=\/wp\/v2\/posts\/391\/revisions"}],"predecessor-version":[{"id":393,"href":"https:\/\/www.abt.dk\/index.php?rest_route=\/wp\/v2\/posts\/391\/revisions\/393"}],"wp:attachment":[{"href":"https:\/\/www.abt.dk\/index.php?rest_route=%2Fwp%2Fv2%2Fmedia&parent=391"}],"wp:term":[{"taxonomy":"category","embeddable":true,"href":"https:\/\/www.abt.dk\/index.php?rest_route=%2Fwp%2Fv2%2Fcategories&post=391"},{"taxonomy":"post_tag","embeddable":true,"href":"https:\/\/www.abt.dk\/index.php?rest_route=%2Fwp%2Fv2%2Ftags&post=391"}],"curies":[{"name":"wp","href":"https:\/\/api.w.org\/{rel}","templated":true}]}}